{"id":27,"date":"2022-01-27T18:04:27","date_gmt":"2022-01-27T17:04:27","guid":{"rendered":"http:\/\/rehabilitacja-glogow.pl\/?p=27"},"modified":"2022-03-04T11:52:39","modified_gmt":"2022-03-04T10:52:39","slug":"can-curiosity-may-end-shameless-explained","status":"publish","type":"post","link":"https:\/\/rehabilitacja-glogow.pl\/index.php\/2022\/01\/27\/can-curiosity-may-end-shameless-explained\/","title":{"rendered":"Jak pokona\u0107 b\u00f3l plec\u00f3w?"},"content":{"rendered":"\n<div class=\"wp-block-columns is-layout-flex wp-container-core-columns-is-layout-9d6595d7 wp-block-columns-is-layout-flex\">\n<div class=\"wp-block-column is-vertically-aligned-bottom is-layout-flow wp-block-column-is-layout-flow\" style=\"flex-basis:100%\">\n<div class=\"wp-block-columns is-layout-flex wp-container-core-columns-is-layout-9d6595d7 wp-block-columns-is-layout-flex\">\n<div class=\"wp-block-column is-layout-flow wp-block-column-is-layout-flow\" style=\"flex-basis:100%\">\n<div class=\"wp-block-group\"><div class=\"wp-block-group__inner-container is-layout-flow wp-block-group-is-layout-flow\">\n<div class=\"wp-block-columns is-layout-flex wp-container-core-columns-is-layout-9d6595d7 wp-block-columns-is-layout-flex\">\n<div class=\"wp-block-column is-layout-flow wp-block-column-is-layout-flow\" style=\"flex-basis:100%\">\n<div class=\"wp-block-group\"><div class=\"wp-block-group__inner-container is-layout-flow wp-block-group-is-layout-flow\">\n<p><strong>B\u00f3l plec\u00f3w to jedno z najwi\u0119kszych wyzwa\u0144 dzisiejszej fizjoterapii i jeden z najwi\u0119kszych problem\u00f3w cywilizacyjnych dotycz\u0105cych dysfunkcji uk\u0142adu ruchu. Szacuje si\u0119, \u017ce praktycznie ka\u017cdy doros\u0142y w swoim \u017cyciu do\u015bwiadczy\u0142 co najmniej jednego incydentu b\u00f3lowego w rejonie plec\u00f3w. B\u00f3le kr\u0119gos\u0142upa stanowi\u0105 obecnie jedno z najwi\u0119kszych wyzwa\u0144 w leczeniu zar\u00f3wno dla lekarzy jak i fizjoterapeut\u00f3w. W\u015br\u00f3d tych dolegliwo\u015bci b\u00f3le l\u0119d\u017awiowego odcinka nale\u017c\u0105 do najcz\u0119stszych. <\/strong><\/p>\n\n\n\n<p><\/p>\n\n\n\n<p><\/p>\n\n\n\n<p><strong>Low back pain <\/strong>(b\u00f3le dolnego odcinka kr\u0119gos\u0142upa) to problem du\u017co bardziej z\u0142o\u017cony ni\u017c si\u0119 przeci\u0119tnie wydaje. Zbyt cz\u0119sto sprowadzamy go wy\u0142\u0105cznie do dysfunkcji powodowanych uciskiem struktur nerwowych w rejonie kr\u0119gos\u0142upa, a statystyki pokazuj\u0105, \u017ce zazwyczaj to nie problem przepukliny kr\u0105\u017cka mi\u0119dzykr\u0119gowego i jej wp\u0142ywu na korzenie nerwowe.<\/p>\n\n\n\n<p><\/p>\n\n\n\n<p><\/p>\n\n\n\n<p>Z\u0142o\u017cono\u015b\u0107 problemu jest na tyle du\u017ca, \u017ce nale\u017cy rozpatrzy\u0107 go du\u017co bardziej szczeg\u00f3\u0142owo i nie sprowadza\u0107 do jednej tylko przyczyny. W\u015br\u00f3d przyczyn dopatrywa\u0107 si\u0119 powinni\u015bmy przede wszystkim swoich zaniedba\u0144 ruchowych i w tym toku rozumowania nale\u017ca\u0142oby poszukiwa\u0107 skutecznych rozwi\u0105za\u0144. <\/p>\n\n\n\n<p><\/p>\n\n\n\n<p><\/p>\n\n\n\n<p>Dzisiejsza fizjoterapia jednoznacznie wskazuje na<strong> problem deficytu ruchu<\/strong> w\u015br\u00f3d pacjent\u00f3w, trudno zatem bez<strong> edukacji i motywacji<\/strong> do zmiany nawyk\u00f3w w pe\u0142ni skutecznie pomaga\u0107 w gabinetach fizjoterapeutycznych. Coraz bardziej powszechna staje si\u0119 wiedza, \u017ce spo\u015br\u00f3d wszystkich narz\u0119dzi w r\u0119kach fizjoterapeuty najskuteczniejsze s\u0105 te, kt\u00f3re wp\u0142ywaj\u0105 na przyczyn\u0119 a nie na skutek. Nale\u017cy rozumie\u0107 te s\u0142owa w ten spos\u00f3b, i\u017c ca\u0142a gama zabieg\u00f3w fizykoterapii oraz wszelkie dzia\u0142ania w obr\u0119bie terapii manualnej winny by\u0107 dobrym, ale jednak tylko, uzupe\u0142nieniem dobrze dobranego <strong>treningu<\/strong>.<\/p>\n\n\n\n<p><\/p>\n\n\n\n<p><\/p>\n\n\n\n<p><\/p>\n<\/div><\/div>\n<\/div>\n<\/div>\n<\/div><\/div>\n<\/div>\n<\/div>\n<\/div>\n<\/div>\n\n\n\n<figure class=\"wp-block-gallery has-nested-images columns-default is-cropped wp-block-gallery-1 is-layout-flex wp-block-gallery-is-layout-flex\"><\/figure>\n","protected":false},"excerpt":{"rendered":"<p>B\u00f3l plec\u00f3w to jedno z najwi\u0119kszych wyzwa\u0144 dzisiejszej fizjoterapii i jeden z najwi\u0119kszych problem\u00f3w cywilizacyjnych dotycz\u0105cych dysfunkcji uk\u0142adu ruchu. Szacuje si\u0119, \u017ce praktycznie ka\u017cdy doros\u0142y w swoim \u017cyciu do\u015bwiadczy\u0142 co najmniej jednego incydentu b\u00f3lowego w rejonie plec\u00f3w. B\u00f3le kr\u0119gos\u0142upa stanowi\u0105 obecnie jedno z najwi\u0119kszych wyzwa\u0144 w leczeniu zar\u00f3wno dla lekarzy [&hellip;]<\/p>\n","protected":false},"author":1,"featured_media":293,"comment_status":"open","ping_status":"open","sticky":false,"template":"","format":"standard","meta":{"footnotes":""},"categories":[1],"tags":[],"class_list":["post-27","post","type-post","status-publish","format-standard","has-post-thumbnail","hentry","category-fizjo"],"_links":{"self":[{"href":"https:\/\/rehabilitacja-glogow.pl\/index.php\/wp-json\/wp\/v2\/posts\/27","targetHints":{"allow":["GET"]}}],"collection":[{"href":"https:\/\/rehabilitacja-glogow.pl\/index.php\/wp-json\/wp\/v2\/posts"}],"about":[{"href":"https:\/\/rehabilitacja-glogow.pl\/index.php\/wp-json\/wp\/v2\/types\/post"}],"author":[{"embeddable":true,"href":"https:\/\/rehabilitacja-glogow.pl\/index.php\/wp-json\/wp\/v2\/users\/1"}],"replies":[{"embeddable":true,"href":"https:\/\/rehabilitacja-glogow.pl\/index.php\/wp-json\/wp\/v2\/comments?post=27"}],"version-history":[{"count":16,"href":"https:\/\/rehabilitacja-glogow.pl\/index.php\/wp-json\/wp\/v2\/posts\/27\/revisions"}],"predecessor-version":[{"id":296,"href":"https:\/\/rehabilitacja-glogow.pl\/index.php\/wp-json\/wp\/v2\/posts\/27\/revisions\/296"}],"wp:featuredmedia":[{"embeddable":true,"href":"https:\/\/rehabilitacja-glogow.pl\/index.php\/wp-json\/wp\/v2\/media\/293"}],"wp:attachment":[{"href":"https:\/\/rehabilitacja-glogow.pl\/index.php\/wp-json\/wp\/v2\/media?parent=27"}],"wp:term":[{"taxonomy":"category","embeddable":true,"href":"https:\/\/rehabilitacja-glogow.pl\/index.php\/wp-json\/wp\/v2\/categories?post=27"},{"taxonomy":"post_tag","embeddable":true,"href":"https:\/\/rehabilitacja-glogow.pl\/index.php\/wp-json\/wp\/v2\/tags?post=27"}],"curies":[{"name":"wp","href":"https:\/\/api.w.org\/{rel}","templated":true}]}}